{"id":2036,"date":"2014-03-19T16:52:31","date_gmt":"2014-03-19T15:52:31","guid":{"rendered":"https:\/\/es.wubook.net\/blog\/?p=2036"},"modified":"2014-04-20T22:03:55","modified_gmt":"2014-04-20T20:03:55","slug":"alguna-que-otra-noticia","status":"publish","type":"post","link":"https:\/\/es.wubook.net\/blog\/alguna-que-otra-noticia","title":{"rendered":"La feria de turismo de Berl\u00edn y ampliaci\u00f3n del equipo de Wubook"},"content":{"rendered":"<p>Mis queridos WuBookers, <img decoding=\"async\" class=\"alignright\" alt=\"http:\/\/www.itb-berlin.de\/media\/itb\/itb_layout\/itb_design\/itb_logo_index.gif\" src=\"http:\/\/www.itb-berlin.de\/media\/itb\/itb_layout\/itb_design\/itb_logo_index.gif\" \/><\/p>\n<p>Despu\u00e9s de la reciente visita a la <strong>ITB de Berlin<\/strong>, me gustar\u00eda ofreceros algunos comentarios que creo que son de intere\u00e9s poder discutir y compartir las \u00faltimas evoluciones que estamos viviendo en el sector tur\u00edstico.<\/p>\n<p><strong>La Bolsa del Turismo de Berlin<\/strong>\u00a0probablemente no necesita ninguna presentaci\u00f3n, pero digamos que es la versi\u00f3n alemana (e internacional!) de nuestro <strong>Fitur<\/strong>. Comentaros simplemente que respeta su fama: es realmente muy grande, completa y bien organizada. Obviamente todos los principales actores del sector tur\u00edstico estaban presentes. Algunos de ellos con Stands y comunicaciones publicitarias muy fuertes (el departamento de turismo de M\u00e9xico por decir uno). Hemos visitado con curiosidad los stands de <strong>Italia y Espa\u00f1a<\/strong> y me alegro de que la presencia institucional haya sido bien consistente.. \ud83d\ude00<\/p>\n<p>Por lo que nos concierne, hemos dado unas vueltas con particular inter\u00e9s en el<strong> \u00e1rea Tecnol\u00f3gica<\/strong>, donde hemos podido encontrar y reencontrar algunos colaboradores y partners importantes. Aprovecho para dar las gracias a quienes nos han dedicado tiempo e inter\u00e9s dentro de un clima atareado y con agendas muy apretadas.<\/p>\n<p>En este sentido hay que decir que <strong>WuBook<\/strong>, aun siendo por naturaleza muy poco proclive a este tipo de ambientes, est\u00e1 creciendo tanto que genera particular inter\u00e9s en el sector IT del turismo. \u00a1Nos estamos creando un espacio y sinceramente estamos orgullosos de ello!<\/p>\n<h2>Nuevas incorporaciones al equipo de Wubook<\/h2>\n<p>Y es justo por esta raz\u00f3n que recientemente hemos enriquecido nuestro equipo con nuevas y talentosas personas. Chicos y chicas listos, preparados y simp\u00e1ticos! <strong>Amber<\/strong>, que guiar\u00e1 el desarrollo del Motor de Reservas ya ha sido presentado de alguna manera, pero tenemos a Enrico (<strong>Avocado<\/strong>) y a Daniele (<strong>Ivory<\/strong>) que est\u00e1n sosteniendo trabajos de desarrollos t\u00e9cnico y ayudan en mantener alto el perfil t\u00e9cnico de nuestra oferta. Me parece importante volver a subrayar este aspecto de WuBook.<\/p>\n<p><a href=\"https:\/\/es.wubook.net\/blog\/wp-content\/uploads\/2014\/03\/wu_mirror.png\"><img decoding=\"async\" class=\"aligncenter size-full wp-image-2042\" alt=\"wu_mirror\" src=\"https:\/\/es.wubook.net\/blog\/wp-content\/uploads\/2014\/03\/wu_mirror.png\" width=\"210\" height=\"66\" \/><\/a><\/p>\n<p>Esto no quita que por otro lado hayamos tenido que aumentar el numero de account managers. No tanto porque se necesite ofrecer un mayor soporte a vuestras leg\u00edtimas necesidades (WuBook es y quiere seguir siendo una herramienta f\u00e1cil de usar, intuitiva) sino m\u00e1s bien porque el numero de usuarios ha crecido. Y no tan s\u00f3lo en Europa..<\/p>\n<p>En Italia ahora tenemos tambi\u00e9n a Marco (<strong>Lime<\/strong>) y Genni (<strong>Rose<\/strong>) que est\u00e1n ofreciendo ayuda a los nuevos usuarios para adaptar y optimizar el proceso de configuraci\u00f3n de las herramientas. Y aqu\u00ed en Barcelona nos hemos mudado a una oficina nueva.<\/p>\n<p>Obviamente est\u00e1is invitados a pasar y visitarnos pero no os esper\u00e9is lujos ni nada de eso.. Junto conmigo vais a encontrar a L\u00e9na\u00efck (aka <strong>Blue<\/strong>) que se encarga del WuBook franc\u00e9s, aunque ya algunos de vosotros ha podido tener una charla con \u00e9l y conocerlo.<\/p>\n<p><em>Dulcis in fundo<\/em> damos la bienvenida tambi\u00e9n a Gilad (<strong>Crimson<\/strong>) que nos ayudar\u00e1 en el desarrollo del mercado en <strong>Oriente Medio<\/strong>.<\/p>\n<p>\u00a1\u00a1\u00a1Sinceramente espero poder anunciar nuevas llegadas pero la verdad es que se nos acaban los colores!!! \ud83d\ude1b<\/p>\n<p>Nos queda solamente la posibilidad de anunciar <strong>nuevas<\/strong> herramientas, innovaciones y objetivos logrados y por lograr. \u00a1Esto, estoy seguro, nunca dejaremos de hacerlo!<\/p>\n<p>&nbsp;<\/p>\n","protected":false},"excerpt":{"rendered":"<p>ALguna noticia de nuestro viaje a Berlin para visitar la Feria ITB de Turismo. Nuevos fichajes de account manager y t\u00e9cnicos. <\/p>\n","protected":false},"author":0,"featured_media":0,"comment_status":"open","ping_status":"open","sticky":false,"template":"","format":"standard","meta":{"footnotes":""},"categories":[52],"tags":[],"class_list":["post-2036","post","type-post","status-publish","format-standard","hentry","category-novedades","content-wrap"],"yoast_head":"<!-- This site is optimized with the Yoast SEO plugin v26.7 - https:\/\/yoast.com\/wordpress\/plugins\/seo\/ -->\n<title>La feria de turismo de Berl\u00edn y ampliaci\u00f3n del equipo de Wubook -<\/title>\n<meta name=\"robots\" content=\"index, follow, max-snippet:-1, max-image-preview:large, max-video-preview:-1\" \/>\n<link rel=\"canonical\" href=\"https:\/\/es.wubook.net\/blog\/alguna-que-otra-noticia\" \/>\n<meta property=\"og:locale\" content=\"es_ES\" \/>\n<meta property=\"og:type\" content=\"article\" \/>\n<meta property=\"og:title\" content=\"La feria de turismo de Berl\u00edn y ampliaci\u00f3n del equipo de Wubook -\" \/>\n<meta property=\"og:description\" content=\"ALguna noticia de nuestro viaje a Berlin para visitar la Feria ITB de Turismo. Nuevos fichajes de account manager y t\u00e9cnicos.\" \/>\n<meta property=\"og:url\" content=\"https:\/\/es.wubook.net\/blog\/alguna-que-otra-noticia\" \/>\n<meta property=\"article:published_time\" content=\"2014-03-19T15:52:31+00:00\" \/>\n<meta property=\"article:modified_time\" content=\"2014-04-20T20:03:55+00:00\" \/>\n<meta property=\"og:image\" content=\"http:\/\/www.itb-berlin.de\/media\/itb\/itb_layout\/itb_design\/itb_logo_index.gif\" \/>\n<meta name=\"twitter:card\" content=\"summary_large_image\" \/>\n<meta name=\"twitter:label1\" content=\"Tiempo de lectura\" \/>\n\t<meta name=\"twitter:data1\" content=\"3 minutos\" \/>\n<script type=\"application\/ld+json\" class=\"yoast-schema-graph\">{\"@context\":\"https:\/\/schema.org\",\"@graph\":[{\"@type\":\"Article\",\"@id\":\"https:\/\/es.wubook.net\/blog\/alguna-que-otra-noticia#article\",\"isPartOf\":{\"@id\":\"https:\/\/es.wubook.net\/blog\/alguna-que-otra-noticia\"},\"author\":{\"name\":\"\",\"@id\":\"\"},\"headline\":\"La feria de turismo de Berl\u00edn y ampliaci\u00f3n del equipo de Wubook\",\"datePublished\":\"2014-03-19T15:52:31+00:00\",\"dateModified\":\"2014-04-20T20:03:55+00:00\",\"mainEntityOfPage\":{\"@id\":\"https:\/\/es.wubook.net\/blog\/alguna-que-otra-noticia\"},\"wordCount\":554,\"commentCount\":89,\"image\":{\"@id\":\"https:\/\/es.wubook.net\/blog\/alguna-que-otra-noticia#primaryimage\"},\"thumbnailUrl\":\"http:\/\/www.itb-berlin.de\/media\/itb\/itb_layout\/itb_design\/itb_logo_index.gif\",\"articleSection\":[\"Novedades\"],\"inLanguage\":\"es\",\"potentialAction\":[{\"@type\":\"CommentAction\",\"name\":\"Comment\",\"target\":[\"https:\/\/es.wubook.net\/blog\/alguna-que-otra-noticia#respond\"]}]},{\"@type\":\"WebPage\",\"@id\":\"https:\/\/es.wubook.net\/blog\/alguna-que-otra-noticia\",\"url\":\"https:\/\/es.wubook.net\/blog\/alguna-que-otra-noticia\",\"name\":\"La feria de turismo de Berl\u00edn y ampliaci\u00f3n del equipo de Wubook -\",\"isPartOf\":{\"@id\":\"https:\/\/es.wubook.net\/blog\/#website\"},\"primaryImageOfPage\":{\"@id\":\"https:\/\/es.wubook.net\/blog\/alguna-que-otra-noticia#primaryimage\"},\"image\":{\"@id\":\"https:\/\/es.wubook.net\/blog\/alguna-que-otra-noticia#primaryimage\"},\"thumbnailUrl\":\"http:\/\/www.itb-berlin.de\/media\/itb\/itb_layout\/itb_design\/itb_logo_index.gif\",\"datePublished\":\"2014-03-19T15:52:31+00:00\",\"dateModified\":\"2014-04-20T20:03:55+00:00\",\"author\":{\"@id\":\"\"},\"breadcrumb\":{\"@id\":\"https:\/\/es.wubook.net\/blog\/alguna-que-otra-noticia#breadcrumb\"},\"inLanguage\":\"es\",\"potentialAction\":[{\"@type\":\"ReadAction\",\"target\":[\"https:\/\/es.wubook.net\/blog\/alguna-que-otra-noticia\"]}]},{\"@type\":\"ImageObject\",\"inLanguage\":\"es\",\"@id\":\"https:\/\/es.wubook.net\/blog\/alguna-que-otra-noticia#primaryimage\",\"url\":\"http:\/\/www.itb-berlin.de\/media\/itb\/itb_layout\/itb_design\/itb_logo_index.gif\",\"contentUrl\":\"http:\/\/www.itb-berlin.de\/media\/itb\/itb_layout\/itb_design\/itb_logo_index.gif\"},{\"@type\":\"BreadcrumbList\",\"@id\":\"https:\/\/es.wubook.net\/blog\/alguna-que-otra-noticia#breadcrumb\",\"itemListElement\":[{\"@type\":\"ListItem\",\"position\":1,\"name\":\"Home\",\"item\":\"https:\/\/es.wubook.net\/blog\/\"},{\"@type\":\"ListItem\",\"position\":2,\"name\":\"La feria de turismo de Berl\u00edn y ampliaci\u00f3n del equipo de Wubook\"}]},{\"@type\":\"WebSite\",\"@id\":\"https:\/\/es.wubook.net\/blog\/#website\",\"url\":\"https:\/\/es.wubook.net\/blog\/\",\"name\":\"\",\"description\":\"El Blog en espa\u00f1ol de WuBook\",\"potentialAction\":[{\"@type\":\"SearchAction\",\"target\":{\"@type\":\"EntryPoint\",\"urlTemplate\":\"https:\/\/es.wubook.net\/blog\/?s={search_term_string}\"},\"query-input\":{\"@type\":\"PropertyValueSpecification\",\"valueRequired\":true,\"valueName\":\"search_term_string\"}}],\"inLanguage\":\"es\"}]}<\/script>\n<!-- \/ Yoast SEO plugin. -->","yoast_head_json":{"title":"La feria de turismo de Berl\u00edn y ampliaci\u00f3n del equipo de Wubook -","robots":{"index":"index","follow":"follow","max-snippet":"max-snippet:-1","max-image-preview":"max-image-preview:large","max-video-preview":"max-video-preview:-1"},"canonical":"https:\/\/es.wubook.net\/blog\/alguna-que-otra-noticia","og_locale":"es_ES","og_type":"article","og_title":"La feria de turismo de Berl\u00edn y ampliaci\u00f3n del equipo de Wubook -","og_description":"ALguna noticia de nuestro viaje a Berlin para visitar la Feria ITB de Turismo. Nuevos fichajes de account manager y t\u00e9cnicos.","og_url":"https:\/\/es.wubook.net\/blog\/alguna-que-otra-noticia","article_published_time":"2014-03-19T15:52:31+00:00","article_modified_time":"2014-04-20T20:03:55+00:00","og_image":[{"url":"http:\/\/www.itb-berlin.de\/media\/itb\/itb_layout\/itb_design\/itb_logo_index.gif","type":"","width":"","height":""}],"twitter_card":"summary_large_image","twitter_misc":{"Tiempo de lectura":"3 minutos"},"schema":{"@context":"https:\/\/schema.org","@graph":[{"@type":"Article","@id":"https:\/\/es.wubook.net\/blog\/alguna-que-otra-noticia#article","isPartOf":{"@id":"https:\/\/es.wubook.net\/blog\/alguna-que-otra-noticia"},"author":{"name":"","@id":""},"headline":"La feria de turismo de Berl\u00edn y ampliaci\u00f3n del equipo de Wubook","datePublished":"2014-03-19T15:52:31+00:00","dateModified":"2014-04-20T20:03:55+00:00","mainEntityOfPage":{"@id":"https:\/\/es.wubook.net\/blog\/alguna-que-otra-noticia"},"wordCount":554,"commentCount":89,"image":{"@id":"https:\/\/es.wubook.net\/blog\/alguna-que-otra-noticia#primaryimage"},"thumbnailUrl":"http:\/\/www.itb-berlin.de\/media\/itb\/itb_layout\/itb_design\/itb_logo_index.gif","articleSection":["Novedades"],"inLanguage":"es","potentialAction":[{"@type":"CommentAction","name":"Comment","target":["https:\/\/es.wubook.net\/blog\/alguna-que-otra-noticia#respond"]}]},{"@type":"WebPage","@id":"https:\/\/es.wubook.net\/blog\/alguna-que-otra-noticia","url":"https:\/\/es.wubook.net\/blog\/alguna-que-otra-noticia","name":"La feria de turismo de Berl\u00edn y ampliaci\u00f3n del equipo de Wubook -","isPartOf":{"@id":"https:\/\/es.wubook.net\/blog\/#website"},"primaryImageOfPage":{"@id":"https:\/\/es.wubook.net\/blog\/alguna-que-otra-noticia#primaryimage"},"image":{"@id":"https:\/\/es.wubook.net\/blog\/alguna-que-otra-noticia#primaryimage"},"thumbnailUrl":"http:\/\/www.itb-berlin.de\/media\/itb\/itb_layout\/itb_design\/itb_logo_index.gif","datePublished":"2014-03-19T15:52:31+00:00","dateModified":"2014-04-20T20:03:55+00:00","author":{"@id":""},"breadcrumb":{"@id":"https:\/\/es.wubook.net\/blog\/alguna-que-otra-noticia#breadcrumb"},"inLanguage":"es","potentialAction":[{"@type":"ReadAction","target":["https:\/\/es.wubook.net\/blog\/alguna-que-otra-noticia"]}]},{"@type":"ImageObject","inLanguage":"es","@id":"https:\/\/es.wubook.net\/blog\/alguna-que-otra-noticia#primaryimage","url":"http:\/\/www.itb-berlin.de\/media\/itb\/itb_layout\/itb_design\/itb_logo_index.gif","contentUrl":"http:\/\/www.itb-berlin.de\/media\/itb\/itb_layout\/itb_design\/itb_logo_index.gif"},{"@type":"BreadcrumbList","@id":"https:\/\/es.wubook.net\/blog\/alguna-que-otra-noticia#breadcrumb","itemListElement":[{"@type":"ListItem","position":1,"name":"Home","item":"https:\/\/es.wubook.net\/blog\/"},{"@type":"ListItem","position":2,"name":"La feria de turismo de Berl\u00edn y ampliaci\u00f3n del equipo de Wubook"}]},{"@type":"WebSite","@id":"https:\/\/es.wubook.net\/blog\/#website","url":"https:\/\/es.wubook.net\/blog\/","name":"","description":"El Blog en espa\u00f1ol de WuBook","potentialAction":[{"@type":"SearchAction","target":{"@type":"EntryPoint","urlTemplate":"https:\/\/es.wubook.net\/blog\/?s={search_term_string}"},"query-input":{"@type":"PropertyValueSpecification","valueRequired":true,"valueName":"search_term_string"}}],"inLanguage":"es"}]}},"_links":{"self":[{"href":"https:\/\/es.wubook.net\/blog\/wp-json\/wp\/v2\/posts\/2036","targetHints":{"allow":["GET"]}}],"collection":[{"href":"https:\/\/es.wubook.net\/blog\/wp-json\/wp\/v2\/posts"}],"about":[{"href":"https:\/\/es.wubook.net\/blog\/wp-json\/wp\/v2\/types\/post"}],"replies":[{"embeddable":true,"href":"https:\/\/es.wubook.net\/blog\/wp-json\/wp\/v2\/comments?post=2036"}],"version-history":[{"count":12,"href":"https:\/\/es.wubook.net\/blog\/wp-json\/wp\/v2\/posts\/2036\/revisions"}],"predecessor-version":[{"id":2083,"href":"https:\/\/es.wubook.net\/blog\/wp-json\/wp\/v2\/posts\/2036\/revisions\/2083"}],"wp:attachment":[{"href":"https:\/\/es.wubook.net\/blog\/wp-json\/wp\/v2\/media?parent=2036"}],"wp:term":[{"taxonomy":"category","embeddable":true,"href":"https:\/\/es.wubook.net\/blog\/wp-json\/wp\/v2\/categories?post=2036"},{"taxonomy":"post_tag","embeddable":true,"href":"https:\/\/es.wubook.net\/blog\/wp-json\/wp\/v2\/tags?post=2036"}],"curies":[{"name":"wp","href":"https:\/\/api.w.org\/{rel}","templated":true}]}}